{"id":1338,"date":"2026-09-02T13:09:27","date_gmt":"2026-09-02T12:09:27","guid":{"rendered":"https:\/\/aiprocessia.com\/blog\/automatizar-factura-electronica-verifactu-ia\/"},"modified":"2026-09-03T03:28:14","modified_gmt":"2026-09-03T02:28:14","slug":"automatizar-factura-electronica-verifactu-ia","status":"publish","type":"post","link":"https:\/\/aiprocessia.com\/blog\/automatizar-factura-electronica-verifactu-ia\/","title":{"rendered":"Factura electr\u00f3nica y VERI*FACTU: c\u00f3mo automatizar el cumplimiento con IA sin cambiar de programa"},"content":{"rendered":"<p>La escena se repite en cientos de despachos y pymes espa\u00f1olas: alguien reenv\u00eda a la gestor\u00eda un correo con el asunto \u00ab\u00bfesto nos afecta?\u00bb y dentro hay un art\u00edculo sobre VERI*FACTU. Debajo, otro sobre la factura electr\u00f3nica obligatoria. Y un tercero que mezcla los dos. La respuesta habitual del asesor es honesta y desesperante a partes iguales: \u00abs\u00ed, os afecta, pero cada cosa va por su lado\u00bb.<\/p>\n\n<p>El resultado es que muchas empresas llegan tarde a las dos. Unas porque creen que su programa de contabilidad \u00abya lo har\u00e1\u00bb. Otras porque asumen que basta con enviar el PDF por correo. Y unas cuantas porque, a fuerza de leer titulares contradictorios, han decidido esperar a que se aclare.<\/p>\n\n<p>La buena noticia es que <strong>automatizar la factura electr\u00f3nica y el cumplimiento de VERI*FACTU no exige cambiar de ERP ni de programa de contabilidad<\/strong>. Exige entender qu\u00e9 pide cada norma y poner una capa de automatizaci\u00f3n encima de lo que ya tienes. Eso es exactamente lo que hacemos con IA sobre Sage, A3, Contasol, Holded o el software sectorial que uses.<\/p>\n\n\n<div class=\"wp-block-group aiprocessia-key-takeaway is-layout-constrained wp-block-group-is-layout-constrained\" style=\"background:#dbeafe;border-left:4px solid #1d4ed8;border-radius:8px;padding:24px;margin:24px 0;color:#0f172a\">\n  <p class=\"wp-block-paragraph\" style=\"color:#0f172a !important\"><strong style=\"color:#0f172a !important\">Respuesta r\u00e1pida:<\/strong> VERI*FACTU obliga a firmar y encadenar cada factura desde el 1 de enero de 2027 (sociedades) y el 1 de julio de 2027 (aut\u00f3nomos). La factura electr\u00f3nica B2B es otra obligaci\u00f3n distinta, con calendario propio.<\/p>\n<\/div>\n\n\n<h2>Dos obligaciones distintas que casi todo el mundo confunde<\/h2>\n\n<p>Antes de automatizar nada conviene separar las dos normas, porque tienen origen, finalidad y calendario diferentes:<\/p>\n\n<ul>\n  <li><strong>VERI*FACTU<\/strong> nace de la <strong>Ley 11\/2021<\/strong> de lucha contra el fraude fiscal, que introdujo el art\u00edculo 29.2.j) de la Ley General Tributaria y se desarroll\u00f3 en el <strong>Real Decreto 1007\/2023<\/strong>, con la especificaci\u00f3n t\u00e9cnica de la <strong>Orden HAC\/1177\/2024<\/strong>. Su objetivo es que ning\u00fan software permita borrar o alterar facturas ya emitidas. Afecta a todas tus facturas, tambi\u00e9n las de particulares.<\/li>\n  <li>La <strong>factura electr\u00f3nica obligatoria entre empresas y profesionales (B2B)<\/strong> nace de la <strong>Ley 18\/2022 \u00abCrea y Crece\u00bb<\/strong> y busca otra cosa: combatir la morosidad y saber cu\u00e1ndo se paga cada factura. Solo afecta a operaciones entre empresarios y profesionales.<\/li>\n<\/ul>\n\n<p>No son alternativas. Con el tiempo tendr\u00e1s que cumplir las dos, y cada una tiene su propio reloj.<\/p>\n\n<h2>Qu\u00e9 exige VERI*FACTU y desde cu\u00e1ndo<\/h2>\n\n<p>El Reglamento obliga a que tu sistema de facturaci\u00f3n genere, por cada factura, un <em>registro de facturaci\u00f3n<\/em> que se encadena con el anterior mediante una huella criptogr\u00e1fica (hash). Esa cadena es la que impide reescribir el pasado: si tocas una factura antigua, la cadena se rompe y queda a la vista.<\/p>\n\n<p>A partir de ah\u00ed hay <strong>dos modalidades<\/strong> de cumplimiento:<\/p>\n\n<ol>\n  <li><strong>VERI*FACTU<\/strong>: el sistema remite cada registro a la AEAT de forma autom\u00e1tica y pr\u00e1cticamente en tiempo real. A cambio, se relajan otros requisitos de seguridad local.<\/li>\n  <li><strong>Sistema no VERI*FACTU<\/strong>: no remite en tiempo real, pero debe firmar electr\u00f3nicamente cada registro, llevar un registro de eventos y conservarlo todo a disposici\u00f3n de la AEAT.<\/li>\n<\/ol>\n\n<p>En ambos casos las facturas llevan <strong>c\u00f3digo QR<\/strong>. Si operas en modalidad de remisi\u00f3n, adem\u00e1s debe figurar la leyenda \u00abVERI*FACTU\u00bb o \u00abFactura verificable en la sede electr\u00f3nica de la AEAT\u00bb.<\/p>\n\n<p>Las fechas vigentes se fijaron en el <strong>Real Decreto-ley 15\/2025, de 2 de diciembre<\/strong>, que aplaz\u00f3 el calendario original: <strong>1 de enero de 2027<\/strong> para los contribuyentes del Impuesto sobre Sociedades y <strong>1 de julio de 2027<\/strong> para el resto (aut\u00f3nomos en IRPF y entidades en atribuci\u00f3n de rentas). Los fabricantes de software, en cambio, ya deb\u00edan ofrecer productos adaptados con declaraci\u00f3n responsable desde el 29 de julio de 2025.<\/p>\n\n<p>Conviene tom\u00e1rselo en serio: el art\u00edculo 201 bis de la Ley General Tributaria prev\u00e9 multas de hasta <strong>150.000 euros por ejercicio<\/strong> para quien fabrique o comercialice software no conforme, y de hasta <strong>50.000 euros por ejercicio<\/strong> para quien lo tenga o lo use. Si tributas en Pa\u00eds Vasco o Navarra, tu r\u00e9gimen es el foral (TicketBAI y equivalentes), no VERI*FACTU.<\/p>\n\n<h2>La factura electr\u00f3nica B2B ya tiene reglamento<\/h2>\n\n<p>Durante a\u00f1os la Ley Crea y Crece estuvo \u00abpendiente de desarrollo reglamentario\u00bb. Ya no. El <strong>Real Decreto 238\/2026, de 25 de marzo<\/strong>, publicado en el BOE el 31 de marzo de 2026, desarrolla el sistema de facturaci\u00f3n electr\u00f3nica obligatoria B2B y est\u00e1 en vigor desde el 20 de abril de 2026.<\/p>\n\n<p>La aplicaci\u00f3n efectiva, eso s\u00ed, est\u00e1 enganchada a la orden ministerial que regula la soluci\u00f3n p\u00fablica de facturaci\u00f3n de la AEAT. Desde su entrada en vigor corren los plazos conocidos: <strong>12 meses<\/strong> para empresas con m\u00e1s de 8 millones de euros de facturaci\u00f3n y <strong>24 meses<\/strong> para el resto.<\/p>\n\n<p>El cambio que m\u00e1s trabajo genera no es emitir en formato estructurado, sino una obligaci\u00f3n nueva y silenciosa: <strong>informar del estado de cada factura (aceptada, rechazada, pagada) en un plazo de cuatro d\u00edas naturales<\/strong>. Si nadie dice nada, se entiende aceptada. Multiplica eso por las facturas que recibes al mes y tienes un proceso manual imposible de sostener a mano.<\/p>\n\n<p>En el horizonte europeo, la <strong>Directiva (UE) 2025\/516<\/strong>, de 11 de marzo de 2025 (el paquete ViDA), llevar\u00e1 la factura electr\u00f3nica estructurada a las operaciones intracomunitarias a partir del 1 de julio de 2030. La Comisi\u00f3n Europea calcul\u00f3 un ahorro administrativo de 4.100 millones de euros anuales al generalizarla a partir de 2030 (Comisi\u00f3n Europea, 2022).<\/p>\n\n<h2>C\u00f3mo automatizar el cumplimiento con IA sin cambiar de programa<\/h2>\n\n<p>Aqu\u00ed est\u00e1 la parte pr\u00e1ctica. La normativa te obliga a que <em>el sistema que emite<\/em> sea conforme, pero no te obliga a tirar tu ERP. En la mayor\u00eda de pymes con las que trabajamos, el flujo queda as\u00ed:<\/p>\n\n<ol>\n  <li><strong>Emisi\u00f3n conforme sobre lo que ya tienes.<\/strong> El ERP sigue generando la factura; una capa intermedia calcula el registro, lo encadena, lo firma y \u2014si eliges modalidad VERI*FACTU\u2014 lo remite a la AEAT, devolviendo el QR al PDF. Si tu facturaci\u00f3n sale de una tienda PrestaShop o WooCommerce, existen <a href=\"https:\/\/softnet.es\/verifactu\/\" target=\"_blank\" rel=\"noopener\">m\u00f3dulos espec\u00edficos que hacen exactamente esto<\/a> sin tocar el checkout.<\/li>\n  <li><strong>Recepci\u00f3n inteligente.<\/strong> Las facturas de proveedor llegan por correo, portal o EDI en formatos dispares. La IA las lee, extrae los datos y los normaliza \u2014 el mismo principio que ya aplicamos al <a href=\"https:\/\/aiprocessia.com\/blog\/ocr-ia-digitalizar-documentos-empresariales\/\">OCR con IA para digitalizar documentos<\/a>, pero con validaci\u00f3n fiscal encima.<\/li>\n  <li><strong>Validaci\u00f3n autom\u00e1tica.<\/strong> Antes de contabilizar nada se comprueba NIF, serie, base, tipo de IVA y coherencia con el pedido o el albar\u00e1n. Lo que cuadra pasa solo; lo dudoso va a una bandeja de revisi\u00f3n humana.<\/li>\n  <li><strong>Estados en plazo.<\/strong> El sistema emite el acuse de aceptaci\u00f3n, rechazo o pago dentro de los cuatro d\u00edas, sin que nadie tenga que acordarse.<\/li>\n  <li><strong>Integraci\u00f3n con el ERP.<\/strong> El asiento entra en Sage, A3, Contasol o Holded por API o por el conector que admita cada uno. Es el mismo enfoque que explicamos al <a href=\"https:\/\/aiprocessia.com\/blog\/integrar-ia-erp-sage-a3-contasol\/\">integrar IA con tu ERP y tu programa de contabilidad<\/a>.<\/li>\n  <li><strong>Archivo y trazabilidad.<\/strong> Todo queda conservado con su huella, su registro de eventos y su hist\u00f3rico, listo para un requerimiento.<\/li>\n<\/ol>\n\n<p>La IA no sustituye al sistema de firma \u2014eso es una cuesti\u00f3n t\u00e9cnica y regulada\u2014, pero s\u00ed resuelve el 80% del trabajo que rodea a la factura: leerla, entenderla, clasificarla, validarla y colocarla donde toca.<\/p>\n\n<h2>Qu\u00e9 se gana realmente<\/h2>\n\n<p>El argumento no es solo \u00abcumplir\u00bb. Es que el mismo esfuerzo que te obliga a hacer la norma te devuelve un proceso mejor:<\/p>\n\n<ul>\n  <li><strong>Se acaba el picado manual.<\/strong> El coste de tramitar una factura cae entre un 60% y un 80% al pasar de papel y PDF suelto a un flujo electr\u00f3nico automatizado (Billentis, 2019).<\/li>\n  <li><strong>Menos errores de IVA<\/strong>, porque la validaci\u00f3n es sistem\u00e1tica y no depende de qui\u00e9n est\u00e9 ese d\u00eda.<\/li>\n  <li><strong>Cierres mensuales m\u00e1s cortos<\/strong>, al llegar todo ya clasificado y conciliable. Va de la mano de la <a href=\"https:\/\/aiprocessia.com\/blog\/conciliacion-bancaria-automatizada-ia-cierre-mensual\/\">conciliaci\u00f3n bancaria automatizada<\/a>.<\/li>\n  <li><strong>Cero sustos en una inspecci\u00f3n<\/strong>, porque la trazabilidad es un subproducto del sistema, no un trabajo aparte.<\/li>\n<\/ul>\n\n<h2>\u00bfCu\u00e1ndo tiene sentido automatizarlo?<\/h2>\n\n<p>No todas las empresas necesitan lo mismo. Como criterio pr\u00e1ctico:<\/p>\n\n<ul>\n  <li><strong>Menos de 30 facturas al mes:<\/strong> prioriza que tu software de emisi\u00f3n sea conforme antes de 2027. La automatizaci\u00f3n de la recepci\u00f3n puede esperar.<\/li>\n  <li><strong>Entre 50 y 300 facturas al mes:<\/strong> es la franja donde el retorno es m\u00e1s claro. Emisi\u00f3n conforme + recepci\u00f3n automatizada suele liberar entre media y una jornada completa de trabajo administrativo.<\/li>\n  <li><strong>M\u00e1s de 300 facturas al mes o varias sociedades:<\/strong> automatizar deja de ser una mejora y pasa a ser la \u00fanica forma realista de cumplir los cuatro d\u00edas de acuse sin ampliar plantilla.<\/li>\n  <li><strong>Asesor\u00edas y gestor\u00edas:<\/strong> el caso m\u00e1s rentable, porque el mismo flujo se replica por cliente.<\/li>\n<\/ul>\n\n<p>Un consejo de calendario: no esperes a diciembre de 2026. Adaptar la emisi\u00f3n es r\u00e1pido, pero limpiar el maestro de clientes, cuadrar series y probar el flujo completo lleva semanas.<\/p>\n\n<h2>Preguntas frecuentes<\/h2>\n\n<h3>\u00bfVERI*FACTU y la factura electr\u00f3nica obligatoria son lo mismo?<\/h3>\n<p>No. VERI*FACTU viene de la Ley 11\/2021 y regula c\u00f3mo debe comportarse tu software de facturaci\u00f3n para que no se puedan alterar facturas. La factura electr\u00f3nica B2B viene de la Ley 18\/2022 \u00abCrea y Crece\u00bb y regula en qu\u00e9 formato te intercambias las facturas con otras empresas. Tienen normas, plazos y finalidades distintas, y acabar\u00e1s cumpliendo las dos.<\/p>\n\n<h3>\u00bfDesde cu\u00e1ndo me aplica VERI*FACTU exactamente?<\/h3>\n<p>Seg\u00fan el Real Decreto-ley 15\/2025, desde el 1 de enero de 2027 si tributas por el Impuesto sobre Sociedades, y desde el 1 de julio de 2027 en el resto de casos, incluidos aut\u00f3nomos en IRPF. Los fabricantes de software ya ten\u00edan que ofrecer producto adaptado desde el 29 de julio de 2025, as\u00ed que puedes exig\u00edrselo a tu proveedor hoy mismo.<\/p>\n\n<h3>\u00bfTengo que cambiar de ERP o de programa de contabilidad?<\/h3>\n<p>En la mayor\u00eda de casos, no. Lo que debe ser conforme es el sistema que emite el registro de facturaci\u00f3n. Se puede resolver con una capa de integraci\u00f3n sobre el ERP existente, siempre que el fabricante actualice su producto o permita conectarlo. Cambiar de software es la opci\u00f3n cara y lenta, no la \u00fanica.<\/p>\n\n<h3>\u00bfQu\u00e9 pasa si no me adapto a tiempo?<\/h3>\n<p>El art\u00edculo 201 bis de la Ley General Tributaria prev\u00e9 hasta 50.000 euros por ejercicio para quien tenga o use sistemas de facturaci\u00f3n no conformes, y hasta 150.000 euros por ejercicio para quien los fabrique o comercialice. Al margen de la multa, quedarte fuera de plazo complica cobrar de clientes grandes que ya exigen factura estructurada.<\/p>\n\n<h3>\u00bfY si mi empresa est\u00e1 en el Pa\u00eds Vasco o Navarra?<\/h3>\n<p>Entonces te aplica la normativa foral \u2014TicketBAI en las tres diputaciones vascas y el sistema propio de Navarra\u2014, no VERI*FACTU. Son sistemas distintos con obligaciones equivalentes en esp\u00edritu, pero con especificaciones t\u00e9cnicas propias. Si operas en territorio com\u00fan y foral a la vez, conviene revisar el caso concreto con tu asesor.<\/p>\n\n<h3>\u00bfPuede la IA emitir facturas por m\u00ed?<\/h3>\n<p>La IA no firma ni remite: eso lo hace el sistema de facturaci\u00f3n conforme. Lo que s\u00ed hace la IA es todo lo que rodea a la factura \u2014 leer las de proveedor, extraer datos, detectar duplicados, validar el IVA, clasificar y proponer el asiento. Es la parte que hoy consume horas y no aporta valor.<\/p>\n\n\n\n<script type=\"application\/ld+json\">\n{\n  \"@context\": \"https:\/\/schema.org\",\n  \"@type\": \"FAQPage\",\n  \"mainEntity\": [\n    {\n      \"@type\": \"Question\",\n      \"name\": \"\u00bfVERI*FACTU y la factura electr\u00f3nica obligatoria son lo mismo?\",\n      \"acceptedAnswer\": {\n        \"@type\": \"Answer\",\n        \"text\": \"No. VERI*FACTU viene de la Ley 11\/2021 y regula c\u00f3mo debe comportarse tu software de facturaci\u00f3n para que no se puedan alterar facturas. La factura electr\u00f3nica B2B viene de la Ley 18\/2022 \u00abCrea y Crece\u00bb y regula en qu\u00e9 formato te intercambias las facturas con otras empresas. Tienen normas, plazos y finalidades distintas, y acabar\u00e1s cumpliendo las dos.\"\n      }\n    },\n    {\n      \"@type\": \"Question\",\n      \"name\": \"\u00bfDesde cu\u00e1ndo me aplica VERI*FACTU exactamente?\",\n      \"acceptedAnswer\": {\n        \"@type\": \"Answer\",\n        \"text\": \"Seg\u00fan el Real Decreto-ley 15\/2025, desde el 1 de enero de 2027 si tributas por el Impuesto sobre Sociedades, y desde el 1 de julio de 2027 en el resto de casos, incluidos aut\u00f3nomos en IRPF. Los fabricantes de software ya ten\u00edan que ofrecer producto adaptado desde el 29 de julio de 2025, as\u00ed que puedes exig\u00edrselo a tu proveedor hoy mismo.\"\n      }\n    },\n    {\n      \"@type\": \"Question\",\n      \"name\": \"\u00bfTengo que cambiar de ERP o de programa de contabilidad?\",\n      \"acceptedAnswer\": {\n        \"@type\": \"Answer\",\n        \"text\": \"En la mayor\u00eda de casos, no. Lo que debe ser conforme es el sistema que emite el registro de facturaci\u00f3n. Se puede resolver con una capa de integraci\u00f3n sobre el ERP existente, siempre que el fabricante actualice su producto o permita conectarlo. Cambiar de software es la opci\u00f3n cara y lenta, no la \u00fanica.\"\n      }\n    },\n    {\n      \"@type\": \"Question\",\n      \"name\": \"\u00bfQu\u00e9 pasa si no me adapto a tiempo?\",\n      \"acceptedAnswer\": {\n        \"@type\": \"Answer\",\n        \"text\": \"El art\u00edculo 201 bis de la Ley General Tributaria prev\u00e9 hasta 50.000 euros por ejercicio para quien tenga o use sistemas de facturaci\u00f3n no conformes, y hasta 150.000 euros por ejercicio para quien los fabrique o comercialice. Al margen de la multa, quedarte fuera de plazo complica cobrar de clientes grandes que ya exigen factura estructurada.\"\n      }\n    },\n    {\n      \"@type\": \"Question\",\n      \"name\": \"\u00bfY si mi empresa est\u00e1 en el Pa\u00eds Vasco o Navarra?\",\n      \"acceptedAnswer\": {\n        \"@type\": \"Answer\",\n        \"text\": \"Entonces te aplica la normativa foral \u2014TicketBAI en las tres diputaciones vascas y el sistema propio de Navarra\u2014, no VERI*FACTU. Son sistemas distintos con obligaciones equivalentes en esp\u00edritu, pero con especificaciones t\u00e9cnicas propias. Si operas en territorio com\u00fan y foral a la vez, conviene revisar el caso concreto con tu asesor.\"\n      }\n    },\n    {\n      \"@type\": \"Question\",\n      \"name\": \"\u00bfPuede la IA emitir facturas por m\u00ed?\",\n      \"acceptedAnswer\": {\n        \"@type\": \"Answer\",\n        \"text\": \"La IA no firma ni remite: eso lo hace el sistema de facturaci\u00f3n conforme. Lo que s\u00ed hace la IA es todo lo que rodea a la factura \u2014 leer las de proveedor, extraer datos, detectar duplicados, validar el IVA, clasificar y proponer el asiento. Es la parte que hoy consume horas y no aporta valor.\"\n      }\n    }\n  ]\n}\n<\/script>\n\n<!-- AIPROCESSIA-ENRICH-2026-06-10 -->\n<figure style=\"margin:2.2em 0;\"><figcaption style=\"font-weight:700;margin-bottom:.7em;font-size:1.05em;\">Calendario de obligaciones: qu\u00e9 llega y cu\u00e1ndo<\/figcaption><table style=\"width:100%;border-collapse:collapse;font-size:.96em;line-height:1.4;\"><thead><tr style=\"background:#1d4ed8;color:#fff;\"><th style=\"padding:10px 12px;text-align:left;border:1px solid #1d4ed8;\">Obligaci\u00f3n<\/th><th style=\"padding:10px 12px;text-align:left;border:1px solid #1d4ed8;\">A qui\u00e9n aplica<\/th><th style=\"padding:10px 12px;text-align:left;border:1px solid #1d4ed8;\">Fecha clave<\/th><\/tr><\/thead><tbody><tr><td style=\"padding:9px 12px;border:1px solid #33415544;\">VERI*FACTU<\/td><td style=\"padding:9px 12px;border:1px solid #33415544;\">Contribuyentes del Impuesto sobre Sociedades<\/td><td style=\"padding:9px 12px;border:1px solid #33415544;color:#3b82f6;\"><strong>1 de enero de 2027<\/strong><\/td><\/tr><tr><td style=\"padding:9px 12px;border:1px solid #33415544;\">VERI*FACTU<\/td><td style=\"padding:9px 12px;border:1px solid #33415544;\">Aut\u00f3nomos y resto de obligados<\/td><td style=\"padding:9px 12px;border:1px solid #33415544;color:#3b82f6;\"><strong>1 de julio de 2027<\/strong><\/td><\/tr><tr><td style=\"padding:9px 12px;border:1px solid #33415544;\">Factura electr\u00f3nica B2B<\/td><td style=\"padding:9px 12px;border:1px solid #33415544;\">Facturaci\u00f3n superior a 8 M\u20ac<\/td><td style=\"padding:9px 12px;border:1px solid #33415544;color:#3b82f6;\"><strong>12 meses tras la orden ministerial<\/strong><\/td><\/tr><tr><td style=\"padding:9px 12px;border:1px solid #33415544;\">Factura electr\u00f3nica B2B<\/td><td style=\"padding:9px 12px;border:1px solid #33415544;\">Resto de empresas y aut\u00f3nomos<\/td><td style=\"padding:9px 12px;border:1px solid #33415544;color:#3b82f6;\"><strong>24 meses tras la orden ministerial<\/strong><\/td><\/tr><tr><td style=\"padding:9px 12px;border:1px solid #33415544;\">ViDA (UE)<\/td><td style=\"padding:9px 12px;border:1px solid #33415544;\">Operaciones intracomunitarias<\/td><td style=\"padding:9px 12px;border:1px solid #33415544;color:#3b82f6;\"><strong>1 de julio de 2030<\/strong><\/td><\/tr><\/tbody><\/table><\/figure><figure style=\"margin:2.2em 0;\"><figcaption style=\"font-weight:700;margin-bottom:.7em;font-size:1.05em;\">Coste relativo de tramitar una factura<\/figcaption><svg viewBox=\"0 0 600 98\" role=\"img\" style=\"width:100%;height:auto;max-width:620px;font-family:inherit;\"><text x=\"0\" y=\"38\" fill=\"currentColor\" font-size=\"14\">Papel y PDF manual<\/text><rect x=\"140\" y=\"22\" width=\"430\" height=\"24\" rx=\"4\" fill=\"#64748b\"><\/rect><text x=\"578\" y=\"39\" fill=\"currentColor\" font-size=\"14\" font-weight=\"700\">100%<\/text><text x=\"0\" y=\"78\" fill=\"currentColor\" font-size=\"14\">Flujo electr\u00f3nico automatizado<\/text><rect x=\"140\" y=\"62\" width=\"129\" height=\"24\" rx=\"4\" fill=\"#3b82f6\"><\/rect><text x=\"277\" y=\"79\" fill=\"currentColor\" font-size=\"14\" font-weight=\"700\">-70%<\/text><\/svg><\/figure>\n<!-- \/AIPROCESSIA-ENRICH-2026-06-10 -->\n\n<p><strong><a href=\"https:\/\/aiprocessia.com\/#contacto\">Contacta con nosotros y analizamos tu caso gratuitamente \u2192<\/a><\/strong><\/p>\n\n<!-- AIPROCESSIA-AUTHOR-BIO-V1 -->\n<div style=\"margin-top:48px;padding:24px;border:1px solid #334155;border-radius:12px;background:#1e293b;display:flex;gap:20px;align-items:flex-start;flex-wrap:wrap\">\n  <a href=\"https:\/\/joseaparra.com\/\" rel=\"author noopener\" target=\"_blank\" style=\"flex-shrink:0\">\n    <img src=\"https:\/\/aiprocessia.com\/blog\/wp-content\/uploads\/2026\/05\/jose_parra_avatar_1080.jpg\" alt=\"Jose A. Parra - CEO y fundador de AIPROCESSIA\" width=\"120\" height=\"120\" loading=\"lazy\" decoding=\"async\" style=\"border-radius:50%;object-fit:cover;display:block\" \/>\n  <\/a>\n  <div style=\"flex:1;min-width:240px\">\n    <p style=\"margin:0 0 4px 0;font-size:12px;text-transform:uppercase;letter-spacing:0.05em;color:#94a3b8 !important;font-weight:600\">Sobre el autor<\/p>\n    <h3 style=\"margin:0 0 6px 0;font-size:20px;color:#f1f5f9 !important\">\n      <a href=\"\/blog\/author\/jose-a-parra\/\" rel=\"author\" style=\"color:#f1f5f9 !important;text-decoration:none\">Jose A. Parra<\/a>\n    <\/h3>\n    <p style=\"margin:0 0 10px 0;font-size:14px;color:#cbd5e1 !important\"><strong>CEO y fundador de AIPROCESSIA<\/strong> \u2014 30 a\u00f1os como consultor TI en pymes espa\u00f1olas.<\/p>\n    <p style=\"margin:0 0 12px 0;font-size:14px;color:#cbd5e1 !important;line-height:1.55\">\n      Implanto desde hace tres d\u00e9cadas ERP, integraciones y, desde 2023, agentes IA, RPA y OCR en flujos reales de facturaci\u00f3n, mantenimiento y atenci\u00f3n al cliente. Mi enfoque: automatizar <strong>5 procesos clave por menos de 100 \u20ac\/mes<\/strong> y devolver <strong>20-40 horas semanales<\/strong> al equipo, sin reemplazar a nadie.\n    <\/p>\n    <p style=\"margin:0 0 12px 0;font-size:13px;color:#94a3b8 !important\">\n      Certificado <strong>Curso Superior Experto en IA Generativa<\/strong> \u00b7 UDIA \u00b7 2026.\n    <\/p>\n    <p style=\"margin:0;font-size:14px\">\n      <a href=\"https:\/\/www.linkedin.com\/in\/joseantparra\/\" rel=\"author noopener\" target=\"_blank\" style=\"color:#60a5fa !important;text-decoration:none;margin-right:14px\">LinkedIn \u2192<\/a>\n      <a href=\"https:\/\/joseaparra.com\/es\/home-espanol\/\" rel=\"author noopener\" target=\"_blank\" style=\"color:#60a5fa !important;text-decoration:none\">Web personal \u2192<\/a>\n    <\/p>\n  <\/div>\n<\/div>\n<!-- \/AIPROCESSIA-AUTHOR-BIO-V1 -->\n\n<!-- AIPROCESSIA-AUTHOR-SCHEMA-V1 -->\n<script type=\"application\/ld+json\">\n{\n  \"@context\": \"https:\/\/schema.org\",\n  \"@type\": \"Article\",\n  \"headline\": \"Factura electr\u00f3nica y VERI*FACTU: c\u00f3mo automatizar el cumplimiento con IA sin cambiar de programa\",\n  \"description\": \"VERI*FACTU llega en 2027 y la factura electr\u00f3nica B2B ya tiene reglamento. Te explicamos qu\u00e9 exige cada norma y c\u00f3mo automatizar el cumplimiento con IA sobre tu\",\n  \"inLanguage\": \"es\",\n  \"mainEntityOfPage\": {\n    \"@type\": \"WebPage\",\n    \"@id\": \"https:\/\/aiprocessia.com\/blog\/automatizar-factura-electronica-verifactu-ia\/\"\n  },\n  \"datePublished\": \"2026-09-02T13:09:27\",\n  \"dateModified\": \"2026-09-03T03:26:59\",\n  \"author\": {\n    \"@type\": \"Person\",\n    \"name\": \"Jose A. Parra\",\n    \"givenName\": \"Jose A.\",\n    \"familyName\": \"Parra\",\n    \"jobTitle\": \"CEO and Founder of AIPROCESSIA\",\n    \"url\": \"https:\/\/aiprocessia.com\/blog\/author\/jose-a-parra\/\",\n    \"image\": \"https:\/\/aiprocessia.com\/blog\/wp-content\/uploads\/2026\/05\/jose_parra_avatar_1080.jpg\",\n    \"sameAs\": [\n      \"https:\/\/www.linkedin.com\/in\/joseantparra\/\",\n      \"https:\/\/joseaparra.com\/\",\n      \"https:\/\/joseaparra.com\/es\/home-espanol\/\"\n    ],\n    \"worksFor\": {\n      \"@type\": \"Organization\",\n      \"name\": \"AIPROCESSIA\",\n      \"url\": \"https:\/\/aiprocessia.com\/\",\n      \"logo\": {\n        \"@type\": \"ImageObject\",\n        \"url\": \"https:\/\/aiprocessia.com\/assets\/logo-aiprocessia.png\"\n      }\n    },\n    \"description\": \"30 years as IT consultant for Spanish SMBs. Certified Generative AI Expert (UDIA, 2026).\"\n  },\n  \"publisher\": {\n    \"@type\": \"Organization\",\n    \"name\": \"AIPROCESSIA\",\n    \"url\": \"https:\/\/aiprocessia.com\/\",\n    \"logo\": {\n      \"@type\": \"ImageObject\",\n      \"url\": \"https:\/\/aiprocessia.com\/assets\/logo-aiprocessia.png\"\n    }\n  },\n  \"image\": \"https:\/\/aiprocessia.com\/blog\/wp-content\/uploads\/2026\/05\/jose_parra_avatar_1080.jpg\"\n}\n<\/script>\n<!-- \/AIPROCESSIA-AUTHOR-SCHEMA-V1 -->\n","protected":false},"excerpt":{"rendered":"<p>VERI*FACTU llega en 2027 y la factura electr\u00f3nica B2B ya tiene reglamento. Te explicamos qu\u00e9 exige cada norma y c\u00f3mo automatizar el cumplimiento con IA sobre tu ERP actual, sin cambiar de software.<\/p>\n","protected":false},"author":3,"featured_media":1340,"comment_status":"open","ping_status":"open","sticky":false,"template":"","format":"standard","meta":{"footnotes":""},"categories":[6],"tags":[],"class_list":["post-1338","post","type-post","status-publish","format-standard","has-post-thumbnail","hentry","category-guias"],"blocksy_meta":[],"_links":{"self":[{"href":"https:\/\/aiprocessia.com\/blog\/wp-json\/wp\/v2\/posts\/1338","targetHints":{"allow":["GET"]}}],"collection":[{"href":"https:\/\/aiprocessia.com\/blog\/wp-json\/wp\/v2\/posts"}],"about":[{"href":"https:\/\/aiprocessia.com\/blog\/wp-json\/wp\/v2\/types\/post"}],"author":[{"embeddable":true,"href":"https:\/\/aiprocessia.com\/blog\/wp-json\/wp\/v2\/users\/3"}],"replies":[{"embeddable":true,"href":"https:\/\/aiprocessia.com\/blog\/wp-json\/wp\/v2\/comments?post=1338"}],"version-history":[{"count":5,"href":"https:\/\/aiprocessia.com\/blog\/wp-json\/wp\/v2\/posts\/1338\/revisions"}],"predecessor-version":[{"id":1354,"href":"https:\/\/aiprocessia.com\/blog\/wp-json\/wp\/v2\/posts\/1338\/revisions\/1354"}],"wp:featuredmedia":[{"embeddable":true,"href":"https:\/\/aiprocessia.com\/blog\/wp-json\/wp\/v2\/media\/1340"}],"wp:attachment":[{"href":"https:\/\/aiprocessia.com\/blog\/wp-json\/wp\/v2\/media?parent=1338"}],"wp:term":[{"taxonomy":"category","embeddable":true,"href":"https:\/\/aiprocessia.com\/blog\/wp-json\/wp\/v2\/categories?post=1338"},{"taxonomy":"post_tag","embeddable":true,"href":"https:\/\/aiprocessia.com\/blog\/wp-json\/wp\/v2\/tags?post=1338"}],"curies":[{"name":"wp","href":"https:\/\/api.w.org\/{rel}","templated":true}]}}